{"id":10983,"date":"2021-04-24T01:54:00","date_gmt":"2021-04-24T04:54:00","guid":{"rendered":"https:\/\/wandilsonramalho.com.br\/blog\/?p=10983"},"modified":"2021-04-23T14:08:21","modified_gmt":"2021-04-23T17:08:21","slug":"fest-bossa-jazz-home-sessions","status":"publish","type":"post","link":"https:\/\/wandilsonramalho.com.br\/blog\/?p=10983","title":{"rendered":"FEST BOSSA &#038; JAZZ-HOME SESSIONS"},"content":{"rendered":"\n<p>O colunista Sergio Chaves manda dizer e eu repasso :<br>&#8220;O <strong>Fest Bossa &amp; Jazz \u2013 Home Sessions acontece hoje e amanh\u00e3  direto de Mossor\u00f3-RN<\/strong>, com transmiss\u00e3o virtual.<\/p>\n\n\n\n<p>A m\u00fasica, companheira para todas as horas e respons\u00e1vel por agu\u00e7ar as emo\u00e7\u00f5es, tem sido alento nesta pandemia. <\/p>\n\n\n\n<p>Conectando o mundo atrav\u00e9s da m\u00fasica, com transmiss\u00e3o pelo YouTube das 19h \u00e0s 22h, nos canais da TCM e do Fest Bossa &amp; Jazz, al\u00e9m do TCM HD (para assinantes).<br>Hoje, as atra\u00e7\u00f5es Terra do Sal Jazz Band, Gabriela Mendes &amp; Banda,as Liras &amp; Banda e a Home Sessions Colet\u00e2nea de v\u00eddeos, unindo virtualmente m\u00fasicos locais, nacionais e internacionais. <\/p>\n\n\n\n<p>A programa\u00e7\u00e3o de domingo (25\/04), com  Jean Lone &amp; The Bluesthunders e convidados, Dayanne Nunes &amp; Banda; Brazuka Jazz e,fechando , Home Sessions.<\/p>\n\n\n\n<p>Complementando a programa\u00e7\u00e3o do Fest Bossa &amp; Jazz \u2013 Home Sessions Mossor\u00f3 ser\u00e3o exibidas duas colet\u00e2neas de v\u00eddeos produzidos por artistas e m\u00fasicos do Rio Grande do Norte, de outros estados e pa\u00edses, promovendo encontros musicais que ilustram o conceito do festival e seu slogan \u201cConectando o Mundo Atrav\u00e9s da M\u00fasica\u201d.<\/p>\n\n\n\n<p>Nomes como Duo Taufic, Indiana Nomma, S\u00e9rgio Groove, Ivan Lins, Eduardo Taufic, Leo Gandelman, Tico de Moraes, Gabriel Yang e o Clube do Choro de Viena entre outros estar\u00e3o presentes nas home sessions dos dias 24 e 25 de abril.<\/p>\n\n\n\n<p>O Festival \u00e9 realizado por Ju\u00e7ara Figueiredo Produ\u00e7\u00f5es com recursos da Lei Aldir Blanc Rio Grande do Norte, Funda\u00e7\u00e3o Jos\u00e9 Augusto, Governo do Estado do Rio Grande do Norte, Secretaria Especial da Cultura, Minist\u00e9rio do Turismo e Governo Federal. O Fest Bossa &amp; Jazz Home Sessions &#8211; Mossor\u00f3 conta com apoio da cerveja oficial Stella Artois, Rock Burg, Garbos Trade Hotel e TCM Telecom.<\/p>\n\n\n\n<p>Informa\u00e7\u00f5es no site www.festbossajazz.com.br | Siga nossas m\u00eddias digitais:<\/p>\n\n\n\n<p>@festbossajazz e Facebook.com\/festbossaejazz<\/p>\n\n\n\n<p>Local de Realiza\u00e7\u00e3o: Garbos Trade Hotel<\/p>\n\n\n\n<p>Canais de Transmiss\u00e3o Simult\u00e2nea: YouTube Fest Bossa &amp; Jazz; YouTube TCM &#8220;.<\/p>\n","protected":false},"excerpt":{"rendered":"<p>O colunista Sergio Chaves manda dizer e eu repasso :&#8220;O Fest Bossa &amp; Jazz \u2013 Home Sessions acontece hoje e amanh\u00e3 direto de Mossor\u00f3-RN, com transmiss\u00e3o virtual. A m\u00fasica, companheira para todas as horas e respons\u00e1vel por agu\u00e7ar as emo\u00e7\u00f5es, tem sido alento nesta pandemia. Conectando o mundo atrav\u00e9s da m\u00fasica, com transmiss\u00e3o pelo YouTube <a href=\"https:\/\/wandilsonramalho.com.br\/blog\/?p=10983\">&#8230;<\/a><\/p>\n","protected":false},"author":2,"featured_media":10984,"comment_status":"open","ping_status":"open","sticky":false,"template":"","format":"standard","meta":{"_jetpack_memberships_contains_paid_content":false,"footnotes":""},"categories":[38],"tags":[],"class_list":["post-10983","post","type-post","status-publish","format-standard","has-post-thumbnail","hentry","category-especiais"],"jetpack_featured_media_url":"https:\/\/i0.wp.com\/wandilsonramalho.com.br\/blog\/wp-content\/uploads\/2021\/04\/F-0jazz.jpg?fit=480%2C480&ssl=1","jetpack_sharing_enabled":true,"_links":{"self":[{"href":"https:\/\/wandilsonramalho.com.br\/blog\/index.php?rest_route=\/wp\/v2\/posts\/10983","targetHints":{"allow":["GET"]}}],"collection":[{"href":"https:\/\/wandilsonramalho.com.br\/blog\/index.php?rest_route=\/wp\/v2\/posts"}],"about":[{"href":"https:\/\/wandilsonramalho.com.br\/blog\/index.php?rest_route=\/wp\/v2\/types\/post"}],"author":[{"embeddable":true,"href":"https:\/\/wandilsonramalho.com.br\/blog\/index.php?rest_route=\/wp\/v2\/users\/2"}],"replies":[{"embeddable":true,"href":"https:\/\/wandilsonramalho.com.br\/blog\/index.php?rest_route=%2Fwp%2Fv2%2Fcomments&post=10983"}],"version-history":[{"count":2,"href":"https:\/\/wandilsonramalho.com.br\/blog\/index.php?rest_route=\/wp\/v2\/posts\/10983\/revisions"}],"predecessor-version":[{"id":10986,"href":"https:\/\/wandilsonramalho.com.br\/blog\/index.php?rest_route=\/wp\/v2\/posts\/10983\/revisions\/10986"}],"wp:featuredmedia":[{"embeddable":true,"href":"https:\/\/wandilsonramalho.com.br\/blog\/index.php?rest_route=\/wp\/v2\/media\/10984"}],"wp:attachment":[{"href":"https:\/\/wandilsonramalho.com.br\/blog\/index.php?rest_route=%2Fwp%2Fv2%2Fmedia&parent=10983"}],"wp:term":[{"taxonomy":"category","embeddable":true,"href":"https:\/\/wandilsonramalho.com.br\/blog\/index.php?rest_route=%2Fwp%2Fv2%2Fcategories&post=10983"},{"taxonomy":"post_tag","embeddable":true,"href":"https:\/\/wandilsonramalho.com.br\/blog\/index.php?rest_route=%2Fwp%2Fv2%2Ftags&post=10983"}],"curies":[{"name":"wp","href":"https:\/\/api.w.org\/{rel}","templated":true}]}}