{"id":10726,"date":"2021-04-10T01:57:00","date_gmt":"2021-04-10T04:57:00","guid":{"rendered":"https:\/\/wandilsonramalho.com.br\/blog\/?p=10726"},"modified":"2021-04-09T18:07:38","modified_gmt":"2021-04-09T21:07:38","slug":"live-da-solidariedade","status":"publish","type":"post","link":"https:\/\/wandilsonramalho.com.br\/blog\/?p=10726","title":{"rendered":"LIVE DA SOLIDARIEDADE"},"content":{"rendered":"\n<p>A enfermeira e integrante do Dan\u00e7art Raquel Gurgel representando v\u00e1rias institui\u00e7\u00f5es  fez uma live pelo instagram para fazer o lan\u00e7amento da Campanha For\u00e7a Solidaria com \u00a0doa\u00e7\u00e3o de alimentos n\u00e3o perec\u00edveis e itens de higiene pessoal para as fam\u00edlias que est\u00e3o passando por dificuldades em nossa Cara\u00fabas\/RN. <\/p>\n\n\n\n<p>V\u00e1rias institui\u00e7\u00f5es convocaram assim \u201cAbrace uma causa!!Campanha &#8220;For\u00e7a Solid\u00e1ria&#8221;s\u00e3o elas : <\/p>\n\n\n\n<p>Centro Esp\u00edrita Renascer, que \u00a0convidou todas para esta causa nobre, Escolas Estaduais Antonio Carlos e professora Maria Silvia , Grupo Dan\u00e7art, PROCRIAR\/ RN , Projeto Anjos de Resgate e\u00a0 Associa\u00e7\u00e3o da Pessoa com Deficiencia de Cara\u00fabas \u2013APDC.<\/p>\n\n\n\n<p>Esses points est\u00e3o abertos para sua doa\u00e7\u00e3o .<\/p>\n\n\n\n<p>Ent\u00e3o, doem com holofotes ou n\u00e3o, com plateia ou n\u00e3o .<\/p>\n\n\n\n<p>Linda a\u00e7\u00e3o, aplausos para as 7 institui\u00e7\u00f5es .<\/p>\n","protected":false},"excerpt":{"rendered":"<p>A enfermeira e integrante do Dan\u00e7art Raquel Gurgel representando v\u00e1rias institui\u00e7\u00f5es fez uma live pelo instagram para fazer o lan\u00e7amento da Campanha For\u00e7a Solidaria com \u00a0doa\u00e7\u00e3o de alimentos n\u00e3o perec\u00edveis e itens de higiene pessoal para as fam\u00edlias que est\u00e3o passando por dificuldades em nossa Cara\u00fabas\/RN. V\u00e1rias institui\u00e7\u00f5es convocaram assim \u201cAbrace uma causa!!Campanha &#8220;For\u00e7a Solid\u00e1ria&#8221;s\u00e3o <a href=\"https:\/\/wandilsonramalho.com.br\/blog\/?p=10726\">&#8230;<\/a><\/p>\n","protected":false},"author":2,"featured_media":10727,"comment_status":"open","ping_status":"open","sticky":false,"template":"","format":"standard","meta":{"_jetpack_memberships_contains_paid_content":false,"footnotes":""},"categories":[18],"tags":[],"class_list":["post-10726","post","type-post","status-publish","format-standard","has-post-thumbnail","hentry","category-caraubas"],"jetpack_featured_media_url":"https:\/\/i0.wp.com\/wandilsonramalho.com.br\/blog\/wp-content\/uploads\/2021\/04\/KEL.jpg?fit=480%2C529&ssl=1","jetpack_sharing_enabled":true,"_links":{"self":[{"href":"https:\/\/wandilsonramalho.com.br\/blog\/index.php?rest_route=\/wp\/v2\/posts\/10726","targetHints":{"allow":["GET"]}}],"collection":[{"href":"https:\/\/wandilsonramalho.com.br\/blog\/index.php?rest_route=\/wp\/v2\/posts"}],"about":[{"href":"https:\/\/wandilsonramalho.com.br\/blog\/index.php?rest_route=\/wp\/v2\/types\/post"}],"author":[{"embeddable":true,"href":"https:\/\/wandilsonramalho.com.br\/blog\/index.php?rest_route=\/wp\/v2\/users\/2"}],"replies":[{"embeddable":true,"href":"https:\/\/wandilsonramalho.com.br\/blog\/index.php?rest_route=%2Fwp%2Fv2%2Fcomments&post=10726"}],"version-history":[{"count":2,"href":"https:\/\/wandilsonramalho.com.br\/blog\/index.php?rest_route=\/wp\/v2\/posts\/10726\/revisions"}],"predecessor-version":[{"id":10730,"href":"https:\/\/wandilsonramalho.com.br\/blog\/index.php?rest_route=\/wp\/v2\/posts\/10726\/revisions\/10730"}],"wp:featuredmedia":[{"embeddable":true,"href":"https:\/\/wandilsonramalho.com.br\/blog\/index.php?rest_route=\/wp\/v2\/media\/10727"}],"wp:attachment":[{"href":"https:\/\/wandilsonramalho.com.br\/blog\/index.php?rest_route=%2Fwp%2Fv2%2Fmedia&parent=10726"}],"wp:term":[{"taxonomy":"category","embeddable":true,"href":"https:\/\/wandilsonramalho.com.br\/blog\/index.php?rest_route=%2Fwp%2Fv2%2Fcategories&post=10726"},{"taxonomy":"post_tag","embeddable":true,"href":"https:\/\/wandilsonramalho.com.br\/blog\/index.php?rest_route=%2Fwp%2Fv2%2Ftags&post=10726"}],"curies":[{"name":"wp","href":"https:\/\/api.w.org\/{rel}","templated":true}]}}