{"id":10706,"date":"2021-04-09T07:35:52","date_gmt":"2021-04-09T10:35:52","guid":{"rendered":"https:\/\/wandilsonramalho.com.br\/blog\/?p=10706"},"modified":"2021-04-09T07:35:54","modified_gmt":"2021-04-09T10:35:54","slug":"o-anoitecer-de-ontem-e-o-amanhecer-de-hoje-foi-impactante","status":"publish","type":"post","link":"https:\/\/wandilsonramalho.com.br\/blog\/?p=10706","title":{"rendered":"O ANOITECER DE ONTEM E O AMANHECER DE HOJE FOI IMPACTANTE ."},"content":{"rendered":"\n<p>Um jovem do bem, se foi &#8230;.O anoitecer e o amanhecer em Cara\u00fabas foi triste .Partiu Carlos Eduardo da Silva .<br>E de joelhos aos vossos p\u00e9s,SENHOR !<br>Estendei as vossas m\u00e3os poderosas, o vosso santo manto para toda a  familia de Carlos Eduardo da Silva (Dudu).<\/p>\n\n\n\n<p>Tristeza, ang\u00fastia , dor bruta , saudade se abra\u00e7am com a partida de Dudu.<\/p>\n\n\n\n<p>Ele se foi em plena vida,  sem adeus , sem at\u00e9 logo , sem vel\u00f3rio e sem despedidas-Meu DEUS!!<\/p>\n\n\n\n<p>E agora?<\/p>\n\n\n\n<p>Aos olhos atentos de DEUS, sigamos ..<\/p>\n\n\n\n<p>Para a familia aben\u00e7oada por Deus , nossa sincera ora\u00e7\u00e3o .<\/p>\n\n\n\n\n\n\n\n\n","protected":false},"excerpt":{"rendered":"<p>Um jovem do bem, se foi &#8230;.O anoitecer e o amanhecer em Cara\u00fabas foi triste .Partiu Carlos Eduardo da Silva .E de joelhos aos vossos p\u00e9s,SENHOR !Estendei as vossas m\u00e3os poderosas, o vosso santo manto para toda a familia de Carlos Eduardo da Silva (Dudu). Tristeza, ang\u00fastia , dor bruta , saudade se abra\u00e7am com <a href=\"https:\/\/wandilsonramalho.com.br\/blog\/?p=10706\">&#8230;<\/a><\/p>\n","protected":false},"author":2,"featured_media":10707,"comment_status":"open","ping_status":"open","sticky":false,"template":"","format":"standard","meta":{"_jetpack_memberships_contains_paid_content":false,"footnotes":""},"categories":[18],"tags":[],"class_list":["post-10706","post","type-post","status-publish","format-standard","has-post-thumbnail","hentry","category-caraubas"],"jetpack_featured_media_url":"https:\/\/i0.wp.com\/wandilsonramalho.com.br\/blog\/wp-content\/uploads\/2021\/04\/Depositphotos_25081319_l-2015-1-1200x565-1.jpg?fit=1200%2C565&ssl=1","jetpack_sharing_enabled":true,"_links":{"self":[{"href":"https:\/\/wandilsonramalho.com.br\/blog\/index.php?rest_route=\/wp\/v2\/posts\/10706","targetHints":{"allow":["GET"]}}],"collection":[{"href":"https:\/\/wandilsonramalho.com.br\/blog\/index.php?rest_route=\/wp\/v2\/posts"}],"about":[{"href":"https:\/\/wandilsonramalho.com.br\/blog\/index.php?rest_route=\/wp\/v2\/types\/post"}],"author":[{"embeddable":true,"href":"https:\/\/wandilsonramalho.com.br\/blog\/index.php?rest_route=\/wp\/v2\/users\/2"}],"replies":[{"embeddable":true,"href":"https:\/\/wandilsonramalho.com.br\/blog\/index.php?rest_route=%2Fwp%2Fv2%2Fcomments&post=10706"}],"version-history":[{"count":1,"href":"https:\/\/wandilsonramalho.com.br\/blog\/index.php?rest_route=\/wp\/v2\/posts\/10706\/revisions"}],"predecessor-version":[{"id":10708,"href":"https:\/\/wandilsonramalho.com.br\/blog\/index.php?rest_route=\/wp\/v2\/posts\/10706\/revisions\/10708"}],"wp:featuredmedia":[{"embeddable":true,"href":"https:\/\/wandilsonramalho.com.br\/blog\/index.php?rest_route=\/wp\/v2\/media\/10707"}],"wp:attachment":[{"href":"https:\/\/wandilsonramalho.com.br\/blog\/index.php?rest_route=%2Fwp%2Fv2%2Fmedia&parent=10706"}],"wp:term":[{"taxonomy":"category","embeddable":true,"href":"https:\/\/wandilsonramalho.com.br\/blog\/index.php?rest_route=%2Fwp%2Fv2%2Fcategories&post=10706"},{"taxonomy":"post_tag","embeddable":true,"href":"https:\/\/wandilsonramalho.com.br\/blog\/index.php?rest_route=%2Fwp%2Fv2%2Ftags&post=10706"}],"curies":[{"name":"wp","href":"https:\/\/api.w.org\/{rel}","templated":true}]}}