{"id":10638,"date":"2021-04-04T01:14:00","date_gmt":"2021-04-04T04:14:00","guid":{"rendered":"https:\/\/wandilsonramalho.com.br\/blog\/?p=10638"},"modified":"2021-04-03T14:23:09","modified_gmt":"2021-04-03T17:23:09","slug":"ludmila-carvalho-na-area-aberta-do-campus-ufersa-caraubas","status":"publish","type":"post","link":"https:\/\/wandilsonramalho.com.br\/blog\/?p=10638","title":{"rendered":"lUDMILA CARVALHO NA \u00c1REA ABERTA DO CAMPUS UFERSA CARA\u00daBAS"},"content":{"rendered":"\n<p>A prof.dra Ludmilla Carvalho Serafim, Reitora da Universidade Federal Rural do Semi-\u00c1rido em visita ao Campus de Cara\u00fabas \/RN.<\/p>\n\n\n\n<p>Na entrada e na sa\u00edda ao Campus , ela quis um clic especial .<\/p>\n\n\n\n<p>Ser\u00e1 que muitos observaram essas belas \u00e1rvores?<\/p>\n","protected":false},"excerpt":{"rendered":"<p>A prof.dra Ludmilla Carvalho Serafim, Reitora da Universidade Federal Rural do Semi-\u00c1rido em visita ao Campus de Cara\u00fabas \/RN. Na entrada e na sa\u00edda ao Campus , ela quis um clic especial . Ser\u00e1 que muitos observaram essas belas \u00e1rvores? <a href=\"https:\/\/wandilsonramalho.com.br\/blog\/?p=10638\">&#8230;<\/a><\/p>\n","protected":false},"author":2,"featured_media":10640,"comment_status":"open","ping_status":"open","sticky":false,"template":"","format":"standard","meta":{"_jetpack_memberships_contains_paid_content":false,"footnotes":""},"categories":[38],"tags":[],"class_list":["post-10638","post","type-post","status-publish","format-standard","has-post-thumbnail","hentry","category-especiais"],"jetpack_featured_media_url":"https:\/\/i0.wp.com\/wandilsonramalho.com.br\/blog\/wp-content\/uploads\/2021\/04\/165496307_3854794187974708_4752205790006440995_n-1.jpg?fit=640%2C480&ssl=1","jetpack_sharing_enabled":true,"_links":{"self":[{"href":"https:\/\/wandilsonramalho.com.br\/blog\/index.php?rest_route=\/wp\/v2\/posts\/10638","targetHints":{"allow":["GET"]}}],"collection":[{"href":"https:\/\/wandilsonramalho.com.br\/blog\/index.php?rest_route=\/wp\/v2\/posts"}],"about":[{"href":"https:\/\/wandilsonramalho.com.br\/blog\/index.php?rest_route=\/wp\/v2\/types\/post"}],"author":[{"embeddable":true,"href":"https:\/\/wandilsonramalho.com.br\/blog\/index.php?rest_route=\/wp\/v2\/users\/2"}],"replies":[{"embeddable":true,"href":"https:\/\/wandilsonramalho.com.br\/blog\/index.php?rest_route=%2Fwp%2Fv2%2Fcomments&post=10638"}],"version-history":[{"count":1,"href":"https:\/\/wandilsonramalho.com.br\/blog\/index.php?rest_route=\/wp\/v2\/posts\/10638\/revisions"}],"predecessor-version":[{"id":10641,"href":"https:\/\/wandilsonramalho.com.br\/blog\/index.php?rest_route=\/wp\/v2\/posts\/10638\/revisions\/10641"}],"wp:featuredmedia":[{"embeddable":true,"href":"https:\/\/wandilsonramalho.com.br\/blog\/index.php?rest_route=\/wp\/v2\/media\/10640"}],"wp:attachment":[{"href":"https:\/\/wandilsonramalho.com.br\/blog\/index.php?rest_route=%2Fwp%2Fv2%2Fmedia&parent=10638"}],"wp:term":[{"taxonomy":"category","embeddable":true,"href":"https:\/\/wandilsonramalho.com.br\/blog\/index.php?rest_route=%2Fwp%2Fv2%2Fcategories&post=10638"},{"taxonomy":"post_tag","embeddable":true,"href":"https:\/\/wandilsonramalho.com.br\/blog\/index.php?rest_route=%2Fwp%2Fv2%2Ftags&post=10638"}],"curies":[{"name":"wp","href":"https:\/\/api.w.org\/{rel}","templated":true}]}}