{"id":10552,"date":"2021-03-30T08:20:10","date_gmt":"2021-03-30T11:20:10","guid":{"rendered":"https:\/\/wandilsonramalho.com.br\/blog\/?p=10552"},"modified":"2021-03-30T08:20:11","modified_gmt":"2021-03-30T11:20:11","slug":"visita-da-reitora-da-ufersa-ludmilla-oliveira-em-caraubas","status":"publish","type":"post","link":"https:\/\/wandilsonramalho.com.br\/blog\/?p=10552","title":{"rendered":"visita da reitora da UFERSA, LUDMILLA OLIVEIRA EM CARA\u00daBAS ."},"content":{"rendered":"\n<p>O prefeito Juninho Alves, o vice prefeito Paulo Brasil e o Assessor Cont\u00e1bil da Secretaria de Finan\u00e7as Antonio Tacio ontem receberam no Campus UFERSA \/Cara\u00fabas\u00a0 a reitora da UFERSA Ludmilla Oliveira , a chefe de Gabinete Claudia Muniz e Pr\u00f3- reitor Adjunto de Administra\u00e7\u00e3o Carlos Eugenio e na discuss\u00e3o a excelente parceria \u00a0institucional\u00a0 Prefeitura e UFERSA.<br>Todos seguindo o protocolo da OMS-de M\u00e1scaras .<\/p>\n\n\n\n<p>\u00d2timo !<\/p>\n\n\n\n\n","protected":false},"excerpt":{"rendered":"<p>O prefeito Juninho Alves, o vice prefeito Paulo Brasil e o Assessor Cont\u00e1bil da Secretaria de Finan\u00e7as Antonio Tacio ontem receberam no Campus UFERSA \/Cara\u00fabas\u00a0 a reitora da UFERSA Ludmilla Oliveira , a chefe de Gabinete Claudia Muniz e Pr\u00f3- reitor Adjunto de Administra\u00e7\u00e3o Carlos Eugenio e na discuss\u00e3o a excelente parceria \u00a0institucional\u00a0 Prefeitura e <a href=\"https:\/\/wandilsonramalho.com.br\/blog\/?p=10552\">&#8230;<\/a><\/p>\n","protected":false},"author":2,"featured_media":10553,"comment_status":"open","ping_status":"open","sticky":false,"template":"","format":"standard","meta":{"_jetpack_memberships_contains_paid_content":false,"footnotes":""},"categories":[18],"tags":[],"class_list":["post-10552","post","type-post","status-publish","format-standard","has-post-thumbnail","hentry","category-caraubas"],"jetpack_featured_media_url":"https:\/\/i0.wp.com\/wandilsonramalho.com.br\/blog\/wp-content\/uploads\/2021\/03\/f06-paulo-brasil.jpg?fit=720%2C234&ssl=1","jetpack_sharing_enabled":true,"_links":{"self":[{"href":"https:\/\/wandilsonramalho.com.br\/blog\/index.php?rest_route=\/wp\/v2\/posts\/10552","targetHints":{"allow":["GET"]}}],"collection":[{"href":"https:\/\/wandilsonramalho.com.br\/blog\/index.php?rest_route=\/wp\/v2\/posts"}],"about":[{"href":"https:\/\/wandilsonramalho.com.br\/blog\/index.php?rest_route=\/wp\/v2\/types\/post"}],"author":[{"embeddable":true,"href":"https:\/\/wandilsonramalho.com.br\/blog\/index.php?rest_route=\/wp\/v2\/users\/2"}],"replies":[{"embeddable":true,"href":"https:\/\/wandilsonramalho.com.br\/blog\/index.php?rest_route=%2Fwp%2Fv2%2Fcomments&post=10552"}],"version-history":[{"count":1,"href":"https:\/\/wandilsonramalho.com.br\/blog\/index.php?rest_route=\/wp\/v2\/posts\/10552\/revisions"}],"predecessor-version":[{"id":10554,"href":"https:\/\/wandilsonramalho.com.br\/blog\/index.php?rest_route=\/wp\/v2\/posts\/10552\/revisions\/10554"}],"wp:featuredmedia":[{"embeddable":true,"href":"https:\/\/wandilsonramalho.com.br\/blog\/index.php?rest_route=\/wp\/v2\/media\/10553"}],"wp:attachment":[{"href":"https:\/\/wandilsonramalho.com.br\/blog\/index.php?rest_route=%2Fwp%2Fv2%2Fmedia&parent=10552"}],"wp:term":[{"taxonomy":"category","embeddable":true,"href":"https:\/\/wandilsonramalho.com.br\/blog\/index.php?rest_route=%2Fwp%2Fv2%2Fcategories&post=10552"},{"taxonomy":"post_tag","embeddable":true,"href":"https:\/\/wandilsonramalho.com.br\/blog\/index.php?rest_route=%2Fwp%2Fv2%2Ftags&post=10552"}],"curies":[{"name":"wp","href":"https:\/\/api.w.org\/{rel}","templated":true}]}}