{"id":10438,"date":"2021-03-24T00:52:00","date_gmt":"2021-03-24T03:52:00","guid":{"rendered":"https:\/\/wandilsonramalho.com.br\/blog\/?p=10438"},"modified":"2021-03-23T18:01:17","modified_gmt":"2021-03-23T21:01:17","slug":"elcinha-foi-vacinada-e-mostrou-fe","status":"publish","type":"post","link":"https:\/\/wandilsonramalho.com.br\/blog\/?p=10438","title":{"rendered":"ELCINHA FOI VACINADA E MOSTROU F\u00c9 .."},"content":{"rendered":"\n<p>A foto de Elcinha Fernandes ao ser vacinada teve um diferencial ..<\/p>\n\n\n\n<p>Ela , cheia de f\u00e9, segurou uma imagem em forma de agradecer a Deus e os seus santos protetores este momento de vida , de esperan\u00e7a ..<\/p>\n\n\n\n<p>Ela,  junto com Beonira e Morgania estava confiante , feliz e com gratid\u00e3o as duas competentes profissionais da sa\u00fade .<\/p>\n\n\n\n<p>\u00d2 gl\u00f3ria !!<\/p>\n","protected":false},"excerpt":{"rendered":"<p>A foto de Elcinha Fernandes ao ser vacinada teve um diferencial .. Ela , cheia de f\u00e9, segurou uma imagem em forma de agradecer a Deus e os seus santos protetores este momento de vida , de esperan\u00e7a .. Ela, junto com Beonira e Morgania estava confiante , feliz e com gratid\u00e3o as duas competentes <a href=\"https:\/\/wandilsonramalho.com.br\/blog\/?p=10438\">&#8230;<\/a><\/p>\n","protected":false},"author":2,"featured_media":10441,"comment_status":"open","ping_status":"open","sticky":false,"template":"","format":"standard","meta":{"_jetpack_memberships_contains_paid_content":false,"footnotes":""},"categories":[18],"tags":[],"class_list":["post-10438","post","type-post","status-publish","format-standard","has-post-thumbnail","hentry","category-caraubas"],"jetpack_featured_media_url":"https:\/\/i0.wp.com\/wandilsonramalho.com.br\/blog\/wp-content\/uploads\/2021\/03\/163575797_2337054399771861_7752393812037151759_o.jpg?fit=336%2C398&ssl=1","jetpack_sharing_enabled":true,"_links":{"self":[{"href":"https:\/\/wandilsonramalho.com.br\/blog\/index.php?rest_route=\/wp\/v2\/posts\/10438","targetHints":{"allow":["GET"]}}],"collection":[{"href":"https:\/\/wandilsonramalho.com.br\/blog\/index.php?rest_route=\/wp\/v2\/posts"}],"about":[{"href":"https:\/\/wandilsonramalho.com.br\/blog\/index.php?rest_route=\/wp\/v2\/types\/post"}],"author":[{"embeddable":true,"href":"https:\/\/wandilsonramalho.com.br\/blog\/index.php?rest_route=\/wp\/v2\/users\/2"}],"replies":[{"embeddable":true,"href":"https:\/\/wandilsonramalho.com.br\/blog\/index.php?rest_route=%2Fwp%2Fv2%2Fcomments&post=10438"}],"version-history":[{"count":2,"href":"https:\/\/wandilsonramalho.com.br\/blog\/index.php?rest_route=\/wp\/v2\/posts\/10438\/revisions"}],"predecessor-version":[{"id":10443,"href":"https:\/\/wandilsonramalho.com.br\/blog\/index.php?rest_route=\/wp\/v2\/posts\/10438\/revisions\/10443"}],"wp:featuredmedia":[{"embeddable":true,"href":"https:\/\/wandilsonramalho.com.br\/blog\/index.php?rest_route=\/wp\/v2\/media\/10441"}],"wp:attachment":[{"href":"https:\/\/wandilsonramalho.com.br\/blog\/index.php?rest_route=%2Fwp%2Fv2%2Fmedia&parent=10438"}],"wp:term":[{"taxonomy":"category","embeddable":true,"href":"https:\/\/wandilsonramalho.com.br\/blog\/index.php?rest_route=%2Fwp%2Fv2%2Fcategories&post=10438"},{"taxonomy":"post_tag","embeddable":true,"href":"https:\/\/wandilsonramalho.com.br\/blog\/index.php?rest_route=%2Fwp%2Fv2%2Ftags&post=10438"}],"curies":[{"name":"wp","href":"https:\/\/api.w.org\/{rel}","templated":true}]}}