{"id":10428,"date":"2021-03-24T01:22:00","date_gmt":"2021-03-24T04:22:00","guid":{"rendered":"https:\/\/wandilsonramalho.com.br\/blog\/?p=10428"},"modified":"2021-03-23T17:26:00","modified_gmt":"2021-03-23T20:26:00","slug":"vivas-para-lurdinha-gurgel","status":"publish","type":"post","link":"https:\/\/wandilsonramalho.com.br\/blog\/?p=10428","title":{"rendered":"vivas, para lurdinha gurgel"},"content":{"rendered":"\n<p>Lurdinha Gurgel festejando aniversario hoje.<\/p>\n\n\n\n<p>A foto?<br>Foi em momento lindo da vida deles , da ordena\u00e7\u00e3o do Padre Fred Gurgel, seu filho .<\/p>\n\n\n\n<p>Francisco C\u00e2mara, aniversariante e o padre Fred Gurgel e outros familiares .<\/p>\n\n\n\n<p>Recordar \u00e9 viver .<\/p>\n","protected":false},"excerpt":{"rendered":"<p>Lurdinha Gurgel festejando aniversario hoje. A foto?Foi em momento lindo da vida deles , da ordena\u00e7\u00e3o do Padre Fred Gurgel, seu filho . Francisco C\u00e2mara, aniversariante e o padre Fred Gurgel e outros familiares . Recordar \u00e9 viver . <a href=\"https:\/\/wandilsonramalho.com.br\/blog\/?p=10428\">&#8230;<\/a><\/p>\n","protected":false},"author":2,"featured_media":10429,"comment_status":"open","ping_status":"open","sticky":false,"template":"","format":"standard","meta":{"_jetpack_memberships_contains_paid_content":false,"footnotes":""},"categories":[22],"tags":[],"class_list":["post-10428","post","type-post","status-publish","format-standard","has-post-thumbnail","hentry","category-aniversariantes"],"jetpack_featured_media_url":"https:\/\/i0.wp.com\/wandilsonramalho.com.br\/blog\/wp-content\/uploads\/2021\/03\/580339_507456495932417_1688415568_n.jpg?fit=604%2C404&ssl=1","jetpack_sharing_enabled":true,"_links":{"self":[{"href":"https:\/\/wandilsonramalho.com.br\/blog\/index.php?rest_route=\/wp\/v2\/posts\/10428","targetHints":{"allow":["GET"]}}],"collection":[{"href":"https:\/\/wandilsonramalho.com.br\/blog\/index.php?rest_route=\/wp\/v2\/posts"}],"about":[{"href":"https:\/\/wandilsonramalho.com.br\/blog\/index.php?rest_route=\/wp\/v2\/types\/post"}],"author":[{"embeddable":true,"href":"https:\/\/wandilsonramalho.com.br\/blog\/index.php?rest_route=\/wp\/v2\/users\/2"}],"replies":[{"embeddable":true,"href":"https:\/\/wandilsonramalho.com.br\/blog\/index.php?rest_route=%2Fwp%2Fv2%2Fcomments&post=10428"}],"version-history":[{"count":1,"href":"https:\/\/wandilsonramalho.com.br\/blog\/index.php?rest_route=\/wp\/v2\/posts\/10428\/revisions"}],"predecessor-version":[{"id":10430,"href":"https:\/\/wandilsonramalho.com.br\/blog\/index.php?rest_route=\/wp\/v2\/posts\/10428\/revisions\/10430"}],"wp:featuredmedia":[{"embeddable":true,"href":"https:\/\/wandilsonramalho.com.br\/blog\/index.php?rest_route=\/wp\/v2\/media\/10429"}],"wp:attachment":[{"href":"https:\/\/wandilsonramalho.com.br\/blog\/index.php?rest_route=%2Fwp%2Fv2%2Fmedia&parent=10428"}],"wp:term":[{"taxonomy":"category","embeddable":true,"href":"https:\/\/wandilsonramalho.com.br\/blog\/index.php?rest_route=%2Fwp%2Fv2%2Fcategories&post=10428"},{"taxonomy":"post_tag","embeddable":true,"href":"https:\/\/wandilsonramalho.com.br\/blog\/index.php?rest_route=%2Fwp%2Fv2%2Ftags&post=10428"}],"curies":[{"name":"wp","href":"https:\/\/api.w.org\/{rel}","templated":true}]}}