{"id":10357,"date":"2021-03-19T01:39:00","date_gmt":"2021-03-19T04:39:00","guid":{"rendered":"https:\/\/wandilsonramalho.com.br\/blog\/?p=10357"},"modified":"2021-03-18T17:56:04","modified_gmt":"2021-03-18T20:56:04","slug":"sao-jose-protege-nos","status":"publish","type":"post","link":"https:\/\/wandilsonramalho.com.br\/blog\/?p=10357","title":{"rendered":"s\u00e3o jos\u00e9, protege-nos"},"content":{"rendered":"\n<p>O Papa Francisco convocou este Ano de S. Jos\u00e9 atrav\u00e9s da Carta Apost\u00f3lica \u201cPatris Corde\u201d, \u201cCora\u00e7\u00e3o de Pai\u201d.<\/p>\n\n\n\n<p><em>Salve, guardi\u00e3o do Redentor<br>e esposo da Virgem Maria!<br>A v\u00f3s, Deus confiou o seu Filho;<br>em v\u00f3s, Maria depositou a sua confian\u00e7a;<br>convosco, Cristo tornou-se homem.<\/em><\/p>\n\n\n\n<p><em>\u00d3 Bem-aventurado Jos\u00e9, mostrai-vos pai tamb\u00e9m para n\u00f3s<br>e guiai-nos no caminho da vida.<br>Alcan\u00e7ai-nos gra\u00e7a, miseric\u00f3rdia e coragem,<br>e defendei-nos de todo o mal. Am\u00e9m.<\/em><\/p>\n\n\n\n<p>Hoje, 19 de mar\u00e7o dia de S\u00e3o Jos\u00e9 de acordo com  a cren\u00e7a popular, se chover no Dia de S\u00e3o Jos\u00e9, \u00e9 um indicativo de que o ano ter\u00e1 muita chuva para alegrar o sertanejo.<\/p>\n\n\n\n<p><strong>Ora\u00e7\u00e3o:<\/strong><\/p>\n\n\n\n<p>Oh! Deus, que ofereceis a S\u00e3o Jos\u00e9 como modelo da verdadeira devo\u00e7\u00e3o aos Sagrados Cora\u00e7\u00f5es de Jesus e de Maria, e a ele nos dais como patrono em meio das provas que afligem ao mundo e a Igreja!<br>Concedei-nos por sua intercess\u00e3o a gra\u00e7a de chegar a sermos verdadeiros filhos destes Sagrados Cora\u00e7\u00f5es.<br>Vos pedimos pelo mesmo Jesus Cristo Nosso Senhor.<br>Am\u00e9m.<\/p>\n\n\n\n<p>S\u00e3o Jos\u00e9 , providenciai,vacinas para todos !<\/p>\n\n\n\n<p>S\u00e3o Jos\u00e9, olhai para n\u00f3s  os potiguares , que cumpram com amor o decreto de 14 dias,que entendam que muitos sacrif\u00edcios s\u00e3o em favor da vida , vida, vida .<\/p>\n\n\n\n\n","protected":false},"excerpt":{"rendered":"<p>O Papa Francisco convocou este Ano de S. Jos\u00e9 atrav\u00e9s da Carta Apost\u00f3lica \u201cPatris Corde\u201d, \u201cCora\u00e7\u00e3o de Pai\u201d. Salve, guardi\u00e3o do Redentore esposo da Virgem Maria!A v\u00f3s, Deus confiou o seu Filho;em v\u00f3s, Maria depositou a sua confian\u00e7a;convosco, Cristo tornou-se homem. \u00d3 Bem-aventurado Jos\u00e9, mostrai-vos pai tamb\u00e9m para n\u00f3se guiai-nos no caminho da vida.Alcan\u00e7ai-nos gra\u00e7a, <a href=\"https:\/\/wandilsonramalho.com.br\/blog\/?p=10357\">&#8230;<\/a><\/p>\n","protected":false},"author":2,"featured_media":10358,"comment_status":"open","ping_status":"open","sticky":false,"template":"","format":"standard","meta":{"_jetpack_memberships_contains_paid_content":false,"footnotes":""},"categories":[38],"tags":[],"class_list":["post-10357","post","type-post","status-publish","format-standard","has-post-thumbnail","hentry","category-especiais"],"jetpack_featured_media_url":"https:\/\/i0.wp.com\/wandilsonramalho.com.br\/blog\/wp-content\/uploads\/2021\/03\/rogaipornossaojose.jpg?fit=512%2C352&ssl=1","jetpack_sharing_enabled":true,"_links":{"self":[{"href":"https:\/\/wandilsonramalho.com.br\/blog\/index.php?rest_route=\/wp\/v2\/posts\/10357","targetHints":{"allow":["GET"]}}],"collection":[{"href":"https:\/\/wandilsonramalho.com.br\/blog\/index.php?rest_route=\/wp\/v2\/posts"}],"about":[{"href":"https:\/\/wandilsonramalho.com.br\/blog\/index.php?rest_route=\/wp\/v2\/types\/post"}],"author":[{"embeddable":true,"href":"https:\/\/wandilsonramalho.com.br\/blog\/index.php?rest_route=\/wp\/v2\/users\/2"}],"replies":[{"embeddable":true,"href":"https:\/\/wandilsonramalho.com.br\/blog\/index.php?rest_route=%2Fwp%2Fv2%2Fcomments&post=10357"}],"version-history":[{"count":2,"href":"https:\/\/wandilsonramalho.com.br\/blog\/index.php?rest_route=\/wp\/v2\/posts\/10357\/revisions"}],"predecessor-version":[{"id":10360,"href":"https:\/\/wandilsonramalho.com.br\/blog\/index.php?rest_route=\/wp\/v2\/posts\/10357\/revisions\/10360"}],"wp:featuredmedia":[{"embeddable":true,"href":"https:\/\/wandilsonramalho.com.br\/blog\/index.php?rest_route=\/wp\/v2\/media\/10358"}],"wp:attachment":[{"href":"https:\/\/wandilsonramalho.com.br\/blog\/index.php?rest_route=%2Fwp%2Fv2%2Fmedia&parent=10357"}],"wp:term":[{"taxonomy":"category","embeddable":true,"href":"https:\/\/wandilsonramalho.com.br\/blog\/index.php?rest_route=%2Fwp%2Fv2%2Fcategories&post=10357"},{"taxonomy":"post_tag","embeddable":true,"href":"https:\/\/wandilsonramalho.com.br\/blog\/index.php?rest_route=%2Fwp%2Fv2%2Ftags&post=10357"}],"curies":[{"name":"wp","href":"https:\/\/api.w.org\/{rel}","templated":true}]}}