{"id":10342,"date":"2021-03-19T01:18:00","date_gmt":"2021-03-19T04:18:00","guid":{"rendered":"https:\/\/wandilsonramalho.com.br\/blog\/?p=10342"},"modified":"2021-03-18T15:25:45","modified_gmt":"2021-03-18T18:25:45","slug":"parabens-cesar-santos","status":"publish","type":"post","link":"https:\/\/wandilsonramalho.com.br\/blog\/?p=10342","title":{"rendered":"PARAB\u00c9NS, CESAR SANTOS"},"content":{"rendered":"\n<p>O Diretor presidente do Jornal De Fato,C\u00e9sar Santos  nosso grande amigo , filho adotivo de Cara\u00fabas, festejando hoje seu anivers\u00e1rio .<\/p>\n\n\n\n<p>Todos que fazem este Jornal rendem homenagem .<\/p>\n\n\n\n<p>Na foto com sua musa Angela Lima.<\/p>\n\n\n\n<p>Esta colunista e Vandilson temos muita gratid\u00e3o a este ilustre aniversariante .<\/p>\n","protected":false},"excerpt":{"rendered":"<p>O Diretor presidente do Jornal De Fato,C\u00e9sar Santos nosso grande amigo , filho adotivo de Cara\u00fabas, festejando hoje seu anivers\u00e1rio . Todos que fazem este Jornal rendem homenagem . Na foto com sua musa Angela Lima. Esta colunista e Vandilson temos muita gratid\u00e3o a este ilustre aniversariante . <a href=\"https:\/\/wandilsonramalho.com.br\/blog\/?p=10342\">&#8230;<\/a><\/p>\n","protected":false},"author":2,"featured_media":10343,"comment_status":"open","ping_status":"open","sticky":false,"template":"","format":"standard","meta":{"_jetpack_memberships_contains_paid_content":false,"footnotes":""},"categories":[22],"tags":[],"class_list":["post-10342","post","type-post","status-publish","format-standard","has-post-thumbnail","hentry","category-aniversariantes"],"jetpack_featured_media_url":"https:\/\/i0.wp.com\/wandilsonramalho.com.br\/blog\/wp-content\/uploads\/2021\/03\/27625369_1676323469102243_601591540788980974_o.jpg?fit=640%2C451&ssl=1","jetpack_sharing_enabled":true,"_links":{"self":[{"href":"https:\/\/wandilsonramalho.com.br\/blog\/index.php?rest_route=\/wp\/v2\/posts\/10342","targetHints":{"allow":["GET"]}}],"collection":[{"href":"https:\/\/wandilsonramalho.com.br\/blog\/index.php?rest_route=\/wp\/v2\/posts"}],"about":[{"href":"https:\/\/wandilsonramalho.com.br\/blog\/index.php?rest_route=\/wp\/v2\/types\/post"}],"author":[{"embeddable":true,"href":"https:\/\/wandilsonramalho.com.br\/blog\/index.php?rest_route=\/wp\/v2\/users\/2"}],"replies":[{"embeddable":true,"href":"https:\/\/wandilsonramalho.com.br\/blog\/index.php?rest_route=%2Fwp%2Fv2%2Fcomments&post=10342"}],"version-history":[{"count":1,"href":"https:\/\/wandilsonramalho.com.br\/blog\/index.php?rest_route=\/wp\/v2\/posts\/10342\/revisions"}],"predecessor-version":[{"id":10344,"href":"https:\/\/wandilsonramalho.com.br\/blog\/index.php?rest_route=\/wp\/v2\/posts\/10342\/revisions\/10344"}],"wp:featuredmedia":[{"embeddable":true,"href":"https:\/\/wandilsonramalho.com.br\/blog\/index.php?rest_route=\/wp\/v2\/media\/10343"}],"wp:attachment":[{"href":"https:\/\/wandilsonramalho.com.br\/blog\/index.php?rest_route=%2Fwp%2Fv2%2Fmedia&parent=10342"}],"wp:term":[{"taxonomy":"category","embeddable":true,"href":"https:\/\/wandilsonramalho.com.br\/blog\/index.php?rest_route=%2Fwp%2Fv2%2Fcategories&post=10342"},{"taxonomy":"post_tag","embeddable":true,"href":"https:\/\/wandilsonramalho.com.br\/blog\/index.php?rest_route=%2Fwp%2Fv2%2Ftags&post=10342"}],"curies":[{"name":"wp","href":"https:\/\/api.w.org\/{rel}","templated":true}]}}