{"id":10329,"date":"2021-03-19T00:05:00","date_gmt":"2021-03-19T03:05:00","guid":{"rendered":"https:\/\/wandilsonramalho.com.br\/blog\/?p=10329"},"modified":"2021-03-18T09:03:42","modified_gmt":"2021-03-18T12:03:42","slug":"a-vida-6","status":"publish","type":"post","link":"https:\/\/wandilsonramalho.com.br\/blog\/?p=10329","title":{"rendered":"A VIDA .."},"content":{"rendered":"\n<p>Compreendi, ent\u00e3o,<br>que a vida n\u00e3o \u00e9 uma sonata que,<br>para realizar a sua beleza,<br>tem de ser tocada at\u00e9 o fim.<br>Dei-me conta, ao contr\u00e1rio,<br>de que a vida \u00e9 um \u00e1lbum de mini-sonatas.<br>Cada momento de beleza vivido e amado,<br>por ef\u00eamero que seja,<br>\u00e9 uma experi\u00eancia completa<br>que est\u00e1 destinada \u00e0 eternidade.<br>Um \u00fanico momento de beleza e amor<br>justifica a vida inteira.<br>Rubem Alves<\/p>\n\n\n\n<p>IMAGEM FLOR LINDA <\/p>\n","protected":false},"excerpt":{"rendered":"<p>Compreendi, ent\u00e3o,que a vida n\u00e3o \u00e9 uma sonata que,para realizar a sua beleza,tem de ser tocada at\u00e9 o fim.Dei-me conta, ao contr\u00e1rio,de que a vida \u00e9 um \u00e1lbum de mini-sonatas.Cada momento de beleza vivido e amado,por ef\u00eamero que seja,\u00e9 uma experi\u00eancia completaque est\u00e1 destinada \u00e0 eternidade.Um \u00fanico momento de beleza e amorjustifica a vida inteira.Rubem <a href=\"https:\/\/wandilsonramalho.com.br\/blog\/?p=10329\">&#8230;<\/a><\/p>\n","protected":false},"author":2,"featured_media":10330,"comment_status":"open","ping_status":"open","sticky":false,"template":"","format":"standard","meta":{"_jetpack_memberships_contains_paid_content":false,"footnotes":""},"categories":[2],"tags":[],"class_list":["post-10329","post","type-post","status-publish","format-standard","has-post-thumbnail","hentry","category-mensagens"],"jetpack_featured_media_url":"https:\/\/i0.wp.com\/wandilsonramalho.com.br\/blog\/wp-content\/uploads\/2021\/03\/Flor-Linda-2.jpg?fit=450%2C675&ssl=1","jetpack_sharing_enabled":true,"_links":{"self":[{"href":"https:\/\/wandilsonramalho.com.br\/blog\/index.php?rest_route=\/wp\/v2\/posts\/10329","targetHints":{"allow":["GET"]}}],"collection":[{"href":"https:\/\/wandilsonramalho.com.br\/blog\/index.php?rest_route=\/wp\/v2\/posts"}],"about":[{"href":"https:\/\/wandilsonramalho.com.br\/blog\/index.php?rest_route=\/wp\/v2\/types\/post"}],"author":[{"embeddable":true,"href":"https:\/\/wandilsonramalho.com.br\/blog\/index.php?rest_route=\/wp\/v2\/users\/2"}],"replies":[{"embeddable":true,"href":"https:\/\/wandilsonramalho.com.br\/blog\/index.php?rest_route=%2Fwp%2Fv2%2Fcomments&post=10329"}],"version-history":[{"count":1,"href":"https:\/\/wandilsonramalho.com.br\/blog\/index.php?rest_route=\/wp\/v2\/posts\/10329\/revisions"}],"predecessor-version":[{"id":10331,"href":"https:\/\/wandilsonramalho.com.br\/blog\/index.php?rest_route=\/wp\/v2\/posts\/10329\/revisions\/10331"}],"wp:featuredmedia":[{"embeddable":true,"href":"https:\/\/wandilsonramalho.com.br\/blog\/index.php?rest_route=\/wp\/v2\/media\/10330"}],"wp:attachment":[{"href":"https:\/\/wandilsonramalho.com.br\/blog\/index.php?rest_route=%2Fwp%2Fv2%2Fmedia&parent=10329"}],"wp:term":[{"taxonomy":"category","embeddable":true,"href":"https:\/\/wandilsonramalho.com.br\/blog\/index.php?rest_route=%2Fwp%2Fv2%2Fcategories&post=10329"},{"taxonomy":"post_tag","embeddable":true,"href":"https:\/\/wandilsonramalho.com.br\/blog\/index.php?rest_route=%2Fwp%2Fv2%2Ftags&post=10329"}],"curies":[{"name":"wp","href":"https:\/\/api.w.org\/{rel}","templated":true}]}}