{"id":10287,"date":"2021-03-17T01:36:00","date_gmt":"2021-03-17T04:36:00","guid":{"rendered":"https:\/\/wandilsonramalho.com.br\/blog\/?p=10287"},"modified":"2021-03-17T07:07:53","modified_gmt":"2021-03-17T10:07:53","slug":"vania-praxedes-hoje-celebra-a-vida","status":"publish","type":"post","link":"https:\/\/wandilsonramalho.com.br\/blog\/?p=10287","title":{"rendered":"VANIA PRAXEDES HOJE CELEBRA A VIDA !"},"content":{"rendered":"\n<p>A competent\u00edssima Coordenadora Administrativa do Educand\u00e1rio Exito Col\u00e9gio E Curso Vania Praxedes .<\/p>\n\n\n\n<p>Al\u00e9m de competente , educada , fina .<br>Na foto com as diretoras Joenilma e Ireide em evento .<\/p>\n\n\n\n<p>Parab\u00e9ns !<\/p>\n","protected":false},"excerpt":{"rendered":"<p>A competent\u00edssima Coordenadora Administrativa do Educand\u00e1rio Exito Col\u00e9gio E Curso Vania Praxedes . Al\u00e9m de competente , educada , fina .Na foto com as diretoras Joenilma e Ireide em evento . Parab\u00e9ns ! <a href=\"https:\/\/wandilsonramalho.com.br\/blog\/?p=10287\">&#8230;<\/a><\/p>\n","protected":false},"author":2,"featured_media":10303,"comment_status":"open","ping_status":"open","sticky":false,"template":"","format":"standard","meta":{"_jetpack_memberships_contains_paid_content":false,"footnotes":""},"categories":[22],"tags":[],"class_list":["post-10287","post","type-post","status-publish","format-standard","has-post-thumbnail","hentry","category-aniversariantes"],"jetpack_featured_media_url":"https:\/\/i0.wp.com\/wandilsonramalho.com.br\/blog\/wp-content\/uploads\/2021\/03\/78974850_1051195298559536_4252269497102106624_n-1.jpg?fit=540%2C329&ssl=1","jetpack_sharing_enabled":true,"_links":{"self":[{"href":"https:\/\/wandilsonramalho.com.br\/blog\/index.php?rest_route=\/wp\/v2\/posts\/10287","targetHints":{"allow":["GET"]}}],"collection":[{"href":"https:\/\/wandilsonramalho.com.br\/blog\/index.php?rest_route=\/wp\/v2\/posts"}],"about":[{"href":"https:\/\/wandilsonramalho.com.br\/blog\/index.php?rest_route=\/wp\/v2\/types\/post"}],"author":[{"embeddable":true,"href":"https:\/\/wandilsonramalho.com.br\/blog\/index.php?rest_route=\/wp\/v2\/users\/2"}],"replies":[{"embeddable":true,"href":"https:\/\/wandilsonramalho.com.br\/blog\/index.php?rest_route=%2Fwp%2Fv2%2Fcomments&post=10287"}],"version-history":[{"count":1,"href":"https:\/\/wandilsonramalho.com.br\/blog\/index.php?rest_route=\/wp\/v2\/posts\/10287\/revisions"}],"predecessor-version":[{"id":10290,"href":"https:\/\/wandilsonramalho.com.br\/blog\/index.php?rest_route=\/wp\/v2\/posts\/10287\/revisions\/10290"}],"wp:featuredmedia":[{"embeddable":true,"href":"https:\/\/wandilsonramalho.com.br\/blog\/index.php?rest_route=\/wp\/v2\/media\/10303"}],"wp:attachment":[{"href":"https:\/\/wandilsonramalho.com.br\/blog\/index.php?rest_route=%2Fwp%2Fv2%2Fmedia&parent=10287"}],"wp:term":[{"taxonomy":"category","embeddable":true,"href":"https:\/\/wandilsonramalho.com.br\/blog\/index.php?rest_route=%2Fwp%2Fv2%2Fcategories&post=10287"},{"taxonomy":"post_tag","embeddable":true,"href":"https:\/\/wandilsonramalho.com.br\/blog\/index.php?rest_route=%2Fwp%2Fv2%2Ftags&post=10287"}],"curies":[{"name":"wp","href":"https:\/\/api.w.org\/{rel}","templated":true}]}}