{"id":10259,"date":"2021-03-16T01:27:00","date_gmt":"2021-03-16T04:27:00","guid":{"rendered":"https:\/\/wandilsonramalho.com.br\/blog\/?p=10259"},"modified":"2021-03-15T16:31:39","modified_gmt":"2021-03-15T19:31:39","slug":"seja-solidario","status":"publish","type":"post","link":"https:\/\/wandilsonramalho.com.br\/blog\/?p=10259","title":{"rendered":"seja solid\u00e1rio !"},"content":{"rendered":"\n<p>&#8220;Quando for poss\u00edvel, n\u00e3o deixe de fazer o bem a quem dele necessita.&#8221; (Prov\u00e9rbios 3, 27).Com este prenuncio a Par\u00f3quia de Cara\u00fabas inicia a Campanha da Solidariedade em prol dos mais carentes com doa\u00e7\u00e3o do 1 kg de alimento n\u00e3o perec\u00edvel . E diz mais\u00a0 \u201cA solidariedade \u00e9 um prato cheio \u201c. Tempo da quaresma , tempo de ora\u00e7\u00e3o e penitencia , tempo de caridade . Quer fazer sua doa\u00e7\u00e3o?Basta ir at\u00e9 a Secretaria Paroquial e deixar seu donativo.<\/p>\n","protected":false},"excerpt":{"rendered":"<p>&#8220;Quando for poss\u00edvel, n\u00e3o deixe de fazer o bem a quem dele necessita.&#8221; (Prov\u00e9rbios 3, 27).Com este prenuncio a Par\u00f3quia de Cara\u00fabas inicia a Campanha da Solidariedade em prol dos mais carentes com doa\u00e7\u00e3o do 1 kg de alimento n\u00e3o perec\u00edvel . E diz mais\u00a0 \u201cA solidariedade \u00e9 um prato cheio \u201c. Tempo da quaresma <a href=\"https:\/\/wandilsonramalho.com.br\/blog\/?p=10259\">&#8230;<\/a><\/p>\n","protected":false},"author":2,"featured_media":10262,"comment_status":"open","ping_status":"open","sticky":false,"template":"","format":"standard","meta":{"_jetpack_memberships_contains_paid_content":false,"footnotes":""},"categories":[18],"tags":[],"class_list":["post-10259","post","type-post","status-publish","format-standard","has-post-thumbnail","hentry","category-caraubas"],"jetpack_featured_media_url":"https:\/\/i0.wp.com\/wandilsonramalho.com.br\/blog\/wp-content\/uploads\/2021\/03\/160164872_3962466423817444_5178791575250781813_o.jpg?fit=480%2C480&ssl=1","jetpack_sharing_enabled":true,"_links":{"self":[{"href":"https:\/\/wandilsonramalho.com.br\/blog\/index.php?rest_route=\/wp\/v2\/posts\/10259","targetHints":{"allow":["GET"]}}],"collection":[{"href":"https:\/\/wandilsonramalho.com.br\/blog\/index.php?rest_route=\/wp\/v2\/posts"}],"about":[{"href":"https:\/\/wandilsonramalho.com.br\/blog\/index.php?rest_route=\/wp\/v2\/types\/post"}],"author":[{"embeddable":true,"href":"https:\/\/wandilsonramalho.com.br\/blog\/index.php?rest_route=\/wp\/v2\/users\/2"}],"replies":[{"embeddable":true,"href":"https:\/\/wandilsonramalho.com.br\/blog\/index.php?rest_route=%2Fwp%2Fv2%2Fcomments&post=10259"}],"version-history":[{"count":1,"href":"https:\/\/wandilsonramalho.com.br\/blog\/index.php?rest_route=\/wp\/v2\/posts\/10259\/revisions"}],"predecessor-version":[{"id":10263,"href":"https:\/\/wandilsonramalho.com.br\/blog\/index.php?rest_route=\/wp\/v2\/posts\/10259\/revisions\/10263"}],"wp:featuredmedia":[{"embeddable":true,"href":"https:\/\/wandilsonramalho.com.br\/blog\/index.php?rest_route=\/wp\/v2\/media\/10262"}],"wp:attachment":[{"href":"https:\/\/wandilsonramalho.com.br\/blog\/index.php?rest_route=%2Fwp%2Fv2%2Fmedia&parent=10259"}],"wp:term":[{"taxonomy":"category","embeddable":true,"href":"https:\/\/wandilsonramalho.com.br\/blog\/index.php?rest_route=%2Fwp%2Fv2%2Fcategories&post=10259"},{"taxonomy":"post_tag","embeddable":true,"href":"https:\/\/wandilsonramalho.com.br\/blog\/index.php?rest_route=%2Fwp%2Fv2%2Ftags&post=10259"}],"curies":[{"name":"wp","href":"https:\/\/api.w.org\/{rel}","templated":true}]}}