{"id":10162,"date":"2021-03-10T06:51:39","date_gmt":"2021-03-10T09:51:39","guid":{"rendered":"https:\/\/wandilsonramalho.com.br\/blog\/?p=10162"},"modified":"2021-03-10T06:51:41","modified_gmt":"2021-03-10T09:51:41","slug":"francisco-antonio-alves-eleito-delegado-da-undime-rn","status":"publish","type":"post","link":"https:\/\/wandilsonramalho.com.br\/blog\/?p=10162","title":{"rendered":"FRANCISCO ANTONIO ALVES ELEITO DELEGADO DA UNDIME \/RN."},"content":{"rendered":"\n<p>O Secret\u00e1rio de Educa\u00e7\u00e3o do nosso munic\u00edpio Francisco Antonio Alves da Silva\u00a0 foi eleito delegado titular da nova diretoria da Uni\u00e3o dos Dirigentes Municipais de Educa\u00e7\u00e3o do Rio Grande do Norte (Undime\/RN). <\/p>\n\n\n\n<p>A escolha foi \u00a0durante o 18\u00ba F\u00f3rum Ordin\u00e1rio virtual,que aconteceu quarta-feira 03.<\/p>\n\n\n\n<p>Desejamos sucesso!<\/p>\n","protected":false},"excerpt":{"rendered":"<p>O Secret\u00e1rio de Educa\u00e7\u00e3o do nosso munic\u00edpio Francisco Antonio Alves da Silva\u00a0 foi eleito delegado titular da nova diretoria da Uni\u00e3o dos Dirigentes Municipais de Educa\u00e7\u00e3o do Rio Grande do Norte (Undime\/RN). A escolha foi \u00a0durante o 18\u00ba F\u00f3rum Ordin\u00e1rio virtual,que aconteceu quarta-feira 03. Desejamos sucesso! <a href=\"https:\/\/wandilsonramalho.com.br\/blog\/?p=10162\">&#8230;<\/a><\/p>\n","protected":false},"author":2,"featured_media":10163,"comment_status":"open","ping_status":"open","sticky":false,"template":"","format":"standard","meta":{"_jetpack_memberships_contains_paid_content":false,"footnotes":""},"categories":[18],"tags":[],"class_list":["post-10162","post","type-post","status-publish","format-standard","has-post-thumbnail","hentry","category-caraubas"],"jetpack_featured_media_url":"https:\/\/i0.wp.com\/wandilsonramalho.com.br\/blog\/wp-content\/uploads\/2021\/03\/f04-FRANCISCO.jpg?fit=335%2C447&ssl=1","jetpack_sharing_enabled":true,"_links":{"self":[{"href":"https:\/\/wandilsonramalho.com.br\/blog\/index.php?rest_route=\/wp\/v2\/posts\/10162","targetHints":{"allow":["GET"]}}],"collection":[{"href":"https:\/\/wandilsonramalho.com.br\/blog\/index.php?rest_route=\/wp\/v2\/posts"}],"about":[{"href":"https:\/\/wandilsonramalho.com.br\/blog\/index.php?rest_route=\/wp\/v2\/types\/post"}],"author":[{"embeddable":true,"href":"https:\/\/wandilsonramalho.com.br\/blog\/index.php?rest_route=\/wp\/v2\/users\/2"}],"replies":[{"embeddable":true,"href":"https:\/\/wandilsonramalho.com.br\/blog\/index.php?rest_route=%2Fwp%2Fv2%2Fcomments&post=10162"}],"version-history":[{"count":1,"href":"https:\/\/wandilsonramalho.com.br\/blog\/index.php?rest_route=\/wp\/v2\/posts\/10162\/revisions"}],"predecessor-version":[{"id":10164,"href":"https:\/\/wandilsonramalho.com.br\/blog\/index.php?rest_route=\/wp\/v2\/posts\/10162\/revisions\/10164"}],"wp:featuredmedia":[{"embeddable":true,"href":"https:\/\/wandilsonramalho.com.br\/blog\/index.php?rest_route=\/wp\/v2\/media\/10163"}],"wp:attachment":[{"href":"https:\/\/wandilsonramalho.com.br\/blog\/index.php?rest_route=%2Fwp%2Fv2%2Fmedia&parent=10162"}],"wp:term":[{"taxonomy":"category","embeddable":true,"href":"https:\/\/wandilsonramalho.com.br\/blog\/index.php?rest_route=%2Fwp%2Fv2%2Fcategories&post=10162"},{"taxonomy":"post_tag","embeddable":true,"href":"https:\/\/wandilsonramalho.com.br\/blog\/index.php?rest_route=%2Fwp%2Fv2%2Ftags&post=10162"}],"curies":[{"name":"wp","href":"https:\/\/api.w.org\/{rel}","templated":true}]}}