{"id":10122,"date":"2021-03-05T00:04:00","date_gmt":"2021-03-05T03:04:00","guid":{"rendered":"https:\/\/wandilsonramalho.com.br\/blog\/?p=10122"},"modified":"2021-03-05T07:37:55","modified_gmt":"2021-03-05T10:37:55","slug":"caraubas-meu-amor","status":"publish","type":"post","link":"https:\/\/wandilsonramalho.com.br\/blog\/?p=10122","title":{"rendered":"CARA\u00daBAS,MEU AMOR!!"},"content":{"rendered":"\n<p>Cara\u00fabas, meu amor, Parab\u00e9ns!!<\/p>\n\n\n\n<p>A hist\u00f3ria de Cara\u00fabas  foi construida nos fortes alicerces de luta pela vida, pelo crescimento , se consagra como terra das caraubeiras numa refer\u00eancia as \u00e1rvores caraubeiras, terra de S\u00e3o Sebasti\u00e3o pelo grande milagre numa grande seca que ao clamor do povo surgiu \u00e1gua,muita  \u00e1gua para todos e para os animais .<\/p>\n\n\n\n<p>Hoje, 05 de mar\u00e7o de 2021 , celebrando 153 anos de sua hist\u00f3ria ..Vivas!<\/p>\n\n\n\n<p>FOTO RIERSON <\/p>\n\n\n\n<figure class=\"wp-block-image size-large\"><img data-recalc-dims=\"1\" fetchpriority=\"high\" decoding=\"async\" width=\"360\" height=\"560\" src=\"https:\/\/i0.wp.com\/wandilsonramalho.com.br\/blog\/wp-content\/uploads\/2021\/03\/imagem.jpg?resize=360%2C560&#038;ssl=1\" alt=\"\" class=\"wp-image-10123\"\/><\/figure>\n\n\n\n<p>S\u00e3o Sebasti\u00e3o, nosso padroeiro, protege-nos !!<\/p>\n\n\n\n<p>Hoje, no dia da Emancipa\u00e7\u00e3o Politica em plena pandemia , vamos cantar o hino para nos livrar da peste (pandemia )<\/p>\n\n\n\n<pre class=\"wp-block-preformatted\"><strong>Glorioso  M\u00e1rtir\n\nS\u00e3o Sebasti\u00e3o\n \ndai a seus devotos\n\nfirme prote\u00e7\u00e3o (2x)\n\nPor n\u00f3s intercede\n<\/strong>\n<strong>junto ao Bom Senhor\n  \nque salva seu povo\n\nem qualquer horror\n\n(Refr\u00e3o)<\/strong>\n\n\n<strong>Da peste e o flagelo,\n\na fome e a guerra\n\npor tua bondade\n\nafasta da terra\n\n(Refr\u00e3o)<\/strong>\n\n <strong>Que assim preservados\n \npossamos viver,\n\np'ra seu santo nome\n\nsempre bendizer.\nAm\u00e9m,viva S\u00e3o Sebasti\u00e3o !!<\/strong>\n\n\nfoto -ALEX GURGEL \n\n<strong><em>Hino de Cara\u00fabas \n\nCara\u00fabas,caraubenses vamos cantar seu hino \nLetra por Maria Silvia de V. C\u00e2mara\nMelodia por Sebastiana de Oliveira e Sil\n\nCara\u00fabas cidade fagueira\nDe belezas e encantos aflux\nDo sert\u00e3o \u00e9s a plaga altaneira\nInundada de luz.<\/em><\/strong>\n\n<strong><em>Surge lindo o sol radioso\nDissipando os claros v\u00e9us\nO teu c\u00e9u de azul glorioso\nBrilha mais que os outros c\u00e9us.\n\nQuem me dera morrer em teu seio\nJamais longe de te demorar\nQuando deixo estes campos receio\nNunca mais regressar<\/em><\/strong>.\n\n<strong>Meu amado torr\u00e3o, minha terra.\nDeixo a ti este canto de amor\nQue em palavras t\u00e3o simples encerra\nMeu afeto e fervor.\nCara\u00fabas 153 anos de hist\u00f3ria fazendo hist\u00f3ria..\nAplausos !!\nAplausos!!\nAplausos!!<\/strong> \n  \nC<strong><em>ara\u00fabas , meu amor , suas tardes amenas\u00a0nos encantam!!\nViva Cara\u00fabas!\nViva seu povo!!\nCara\u00fabas , Cara\u00fabas ..\n<\/em><\/strong>\n<strong><em>Uma homenagem do teu filho Vandilson Ramalho  e da filha adotada Tica Soares. \n<\/em><\/strong><\/pre>\n\n\n\n\n\n\n\n\n\n\n","protected":false},"excerpt":{"rendered":"<p>Cara\u00fabas, meu amor, Parab\u00e9ns!! A hist\u00f3ria de Cara\u00fabas foi construida nos fortes alicerces de luta pela vida, pelo crescimento , se consagra como terra das caraubeiras numa refer\u00eancia as \u00e1rvores caraubeiras, terra de S\u00e3o Sebasti\u00e3o pelo grande milagre numa grande seca que ao clamor do povo surgiu \u00e1gua,muita \u00e1gua para todos e para os animais <a href=\"https:\/\/wandilsonramalho.com.br\/blog\/?p=10122\">&#8230;<\/a><\/p>\n","protected":false},"author":2,"featured_media":10125,"comment_status":"open","ping_status":"open","sticky":false,"template":"","format":"standard","meta":{"_jetpack_memberships_contains_paid_content":false,"footnotes":""},"categories":[22],"tags":[],"class_list":["post-10122","post","type-post","status-publish","format-standard","has-post-thumbnail","hentry","category-aniversariantes"],"jetpack_featured_media_url":"https:\/\/i0.wp.com\/wandilsonramalho.com.br\/blog\/wp-content\/uploads\/2021\/03\/87541559_4179617992055752_6169822105270484992_n-1.jpg?fit=709%2C477&ssl=1","jetpack_sharing_enabled":true,"_links":{"self":[{"href":"https:\/\/wandilsonramalho.com.br\/blog\/index.php?rest_route=\/wp\/v2\/posts\/10122","targetHints":{"allow":["GET"]}}],"collection":[{"href":"https:\/\/wandilsonramalho.com.br\/blog\/index.php?rest_route=\/wp\/v2\/posts"}],"about":[{"href":"https:\/\/wandilsonramalho.com.br\/blog\/index.php?rest_route=\/wp\/v2\/types\/post"}],"author":[{"embeddable":true,"href":"https:\/\/wandilsonramalho.com.br\/blog\/index.php?rest_route=\/wp\/v2\/users\/2"}],"replies":[{"embeddable":true,"href":"https:\/\/wandilsonramalho.com.br\/blog\/index.php?rest_route=%2Fwp%2Fv2%2Fcomments&post=10122"}],"version-history":[{"count":3,"href":"https:\/\/wandilsonramalho.com.br\/blog\/index.php?rest_route=\/wp\/v2\/posts\/10122\/revisions"}],"predecessor-version":[{"id":10154,"href":"https:\/\/wandilsonramalho.com.br\/blog\/index.php?rest_route=\/wp\/v2\/posts\/10122\/revisions\/10154"}],"wp:featuredmedia":[{"embeddable":true,"href":"https:\/\/wandilsonramalho.com.br\/blog\/index.php?rest_route=\/wp\/v2\/media\/10125"}],"wp:attachment":[{"href":"https:\/\/wandilsonramalho.com.br\/blog\/index.php?rest_route=%2Fwp%2Fv2%2Fmedia&parent=10122"}],"wp:term":[{"taxonomy":"category","embeddable":true,"href":"https:\/\/wandilsonramalho.com.br\/blog\/index.php?rest_route=%2Fwp%2Fv2%2Fcategories&post=10122"},{"taxonomy":"post_tag","embeddable":true,"href":"https:\/\/wandilsonramalho.com.br\/blog\/index.php?rest_route=%2Fwp%2Fv2%2Ftags&post=10122"}],"curies":[{"name":"wp","href":"https:\/\/api.w.org\/{rel}","templated":true}]}}