{"id":10116,"date":"2021-03-04T01:35:00","date_gmt":"2021-03-04T04:35:00","guid":{"rendered":"https:\/\/wandilsonramalho.com.br\/blog\/?p=10116"},"modified":"2021-03-03T18:10:53","modified_gmt":"2021-03-03T21:10:53","slug":"exposicao-de-pascoa-artista-fabia-soares","status":"publish","type":"post","link":"https:\/\/wandilsonramalho.com.br\/blog\/?p=10116","title":{"rendered":"exposi\u00e7\u00e3o de p\u00e1scoa -artista f\u00e1bia soares"},"content":{"rendered":"\n<p>Eu tiro o chap\u00e9u para F\u00e1bia Soares , caraubense hoje radicada em Mossor\u00f3 , famosa pelos seu doces e decora\u00e7\u00f5es anuncia que de 19 a 04 de abril sua Exposi\u00e7\u00e3o de P\u00e1scoa estar\u00e1 na Oitava Rosado Mall-Nova Bet\u00e2nia Mossor\u00f3 \/RN.<\/p>\n\n\n\n<p> Ela em parceria com Tereza Soares . <\/p>\n\n\n\n<p>Eu indico .<\/p>\n","protected":false},"excerpt":{"rendered":"<p>Eu tiro o chap\u00e9u para F\u00e1bia Soares , caraubense hoje radicada em Mossor\u00f3 , famosa pelos seu doces e decora\u00e7\u00f5es anuncia que de 19 a 04 de abril sua Exposi\u00e7\u00e3o de P\u00e1scoa estar\u00e1 na Oitava Rosado Mall-Nova Bet\u00e2nia Mossor\u00f3 \/RN. Ela em parceria com Tereza Soares . Eu indico . <a href=\"https:\/\/wandilsonramalho.com.br\/blog\/?p=10116\">&#8230;<\/a><\/p>\n","protected":false},"author":2,"featured_media":10117,"comment_status":"open","ping_status":"open","sticky":false,"template":"","format":"standard","meta":{"_jetpack_memberships_contains_paid_content":false,"footnotes":""},"categories":[38],"tags":[],"class_list":["post-10116","post","type-post","status-publish","format-standard","has-post-thumbnail","hentry","category-especiais"],"jetpack_featured_media_url":"https:\/\/i0.wp.com\/wandilsonramalho.com.br\/blog\/wp-content\/uploads\/2021\/03\/f05-fabia.jpg?fit=480%2C615&ssl=1","jetpack_sharing_enabled":true,"_links":{"self":[{"href":"https:\/\/wandilsonramalho.com.br\/blog\/index.php?rest_route=\/wp\/v2\/posts\/10116","targetHints":{"allow":["GET"]}}],"collection":[{"href":"https:\/\/wandilsonramalho.com.br\/blog\/index.php?rest_route=\/wp\/v2\/posts"}],"about":[{"href":"https:\/\/wandilsonramalho.com.br\/blog\/index.php?rest_route=\/wp\/v2\/types\/post"}],"author":[{"embeddable":true,"href":"https:\/\/wandilsonramalho.com.br\/blog\/index.php?rest_route=\/wp\/v2\/users\/2"}],"replies":[{"embeddable":true,"href":"https:\/\/wandilsonramalho.com.br\/blog\/index.php?rest_route=%2Fwp%2Fv2%2Fcomments&post=10116"}],"version-history":[{"count":1,"href":"https:\/\/wandilsonramalho.com.br\/blog\/index.php?rest_route=\/wp\/v2\/posts\/10116\/revisions"}],"predecessor-version":[{"id":10118,"href":"https:\/\/wandilsonramalho.com.br\/blog\/index.php?rest_route=\/wp\/v2\/posts\/10116\/revisions\/10118"}],"wp:featuredmedia":[{"embeddable":true,"href":"https:\/\/wandilsonramalho.com.br\/blog\/index.php?rest_route=\/wp\/v2\/media\/10117"}],"wp:attachment":[{"href":"https:\/\/wandilsonramalho.com.br\/blog\/index.php?rest_route=%2Fwp%2Fv2%2Fmedia&parent=10116"}],"wp:term":[{"taxonomy":"category","embeddable":true,"href":"https:\/\/wandilsonramalho.com.br\/blog\/index.php?rest_route=%2Fwp%2Fv2%2Fcategories&post=10116"},{"taxonomy":"post_tag","embeddable":true,"href":"https:\/\/wandilsonramalho.com.br\/blog\/index.php?rest_route=%2Fwp%2Fv2%2Ftags&post=10116"}],"curies":[{"name":"wp","href":"https:\/\/api.w.org\/{rel}","templated":true}]}}