{"id":10103,"date":"2021-03-03T01:25:00","date_gmt":"2021-03-03T04:25:00","guid":{"rendered":"https:\/\/wandilsonramalho.com.br\/blog\/?p=10103"},"modified":"2021-03-02T16:28:49","modified_gmt":"2021-03-02T19:28:49","slug":"jornal-de-fato","status":"publish","type":"post","link":"https:\/\/wandilsonramalho.com.br\/blog\/?p=10103","title":{"rendered":"JORNAL DE FATO .."},"content":{"rendered":"\n<p>O Jornalista e diretor presidente deste Jornal , Cesar Santos em sua coluna de sexta feira 26 disse \u2018A edi\u00e7\u00e3o do JORNAL DE FATO desta sexta-feira, 26, \u00e9 bem especial. Edi\u00e7\u00e3o n\u00famero 6.000. Mais do que uma simbologia, \u00e9 a certeza que valeu a pena lan\u00e7ar a primeira edi\u00e7\u00e3o no dia 28 de agosto de 2000 e percorrer o melhor caminho do Jornalismo de Verdade,devidamente legitimado por leitores e anunciantes.\u201d<\/p>\n\n\n\n<p>Orgulho para todos n\u00f3s .<\/p>\n\n\n\n<p> Aplausos , Cesar .<\/p>\n","protected":false},"excerpt":{"rendered":"<p>O Jornalista e diretor presidente deste Jornal , Cesar Santos em sua coluna de sexta feira 26 disse \u2018A edi\u00e7\u00e3o do JORNAL DE FATO desta sexta-feira, 26, \u00e9 bem especial. Edi\u00e7\u00e3o n\u00famero 6.000. Mais do que uma simbologia, \u00e9 a certeza que valeu a pena lan\u00e7ar a primeira edi\u00e7\u00e3o no dia 28 de agosto de <a href=\"https:\/\/wandilsonramalho.com.br\/blog\/?p=10103\">&#8230;<\/a><\/p>\n","protected":false},"author":2,"featured_media":10104,"comment_status":"open","ping_status":"open","sticky":false,"template":"","format":"standard","meta":{"_jetpack_memberships_contains_paid_content":false,"footnotes":""},"categories":[38],"tags":[],"class_list":["post-10103","post","type-post","status-publish","format-standard","has-post-thumbnail","hentry","category-especiais"],"jetpack_featured_media_url":"https:\/\/i0.wp.com\/wandilsonramalho.com.br\/blog\/wp-content\/uploads\/2021\/03\/f03cesar-santos.jpg?fit=909%2C909&ssl=1","jetpack_sharing_enabled":true,"_links":{"self":[{"href":"https:\/\/wandilsonramalho.com.br\/blog\/index.php?rest_route=\/wp\/v2\/posts\/10103","targetHints":{"allow":["GET"]}}],"collection":[{"href":"https:\/\/wandilsonramalho.com.br\/blog\/index.php?rest_route=\/wp\/v2\/posts"}],"about":[{"href":"https:\/\/wandilsonramalho.com.br\/blog\/index.php?rest_route=\/wp\/v2\/types\/post"}],"author":[{"embeddable":true,"href":"https:\/\/wandilsonramalho.com.br\/blog\/index.php?rest_route=\/wp\/v2\/users\/2"}],"replies":[{"embeddable":true,"href":"https:\/\/wandilsonramalho.com.br\/blog\/index.php?rest_route=%2Fwp%2Fv2%2Fcomments&post=10103"}],"version-history":[{"count":1,"href":"https:\/\/wandilsonramalho.com.br\/blog\/index.php?rest_route=\/wp\/v2\/posts\/10103\/revisions"}],"predecessor-version":[{"id":10105,"href":"https:\/\/wandilsonramalho.com.br\/blog\/index.php?rest_route=\/wp\/v2\/posts\/10103\/revisions\/10105"}],"wp:featuredmedia":[{"embeddable":true,"href":"https:\/\/wandilsonramalho.com.br\/blog\/index.php?rest_route=\/wp\/v2\/media\/10104"}],"wp:attachment":[{"href":"https:\/\/wandilsonramalho.com.br\/blog\/index.php?rest_route=%2Fwp%2Fv2%2Fmedia&parent=10103"}],"wp:term":[{"taxonomy":"category","embeddable":true,"href":"https:\/\/wandilsonramalho.com.br\/blog\/index.php?rest_route=%2Fwp%2Fv2%2Fcategories&post=10103"},{"taxonomy":"post_tag","embeddable":true,"href":"https:\/\/wandilsonramalho.com.br\/blog\/index.php?rest_route=%2Fwp%2Fv2%2Ftags&post=10103"}],"curies":[{"name":"wp","href":"https:\/\/api.w.org\/{rel}","templated":true}]}}