{"id":10030,"date":"2021-02-26T01:17:00","date_gmt":"2021-02-26T04:17:00","guid":{"rendered":"https:\/\/wandilsonramalho.com.br\/blog\/?p=10030"},"modified":"2021-02-25T11:20:32","modified_gmt":"2021-02-25T14:20:32","slug":"inauguracao-do-acervo-da-biblioteca-dom-mariano-manzana","status":"publish","type":"post","link":"https:\/\/wandilsonramalho.com.br\/blog\/?p=10030","title":{"rendered":"inaugura\u00e7\u00e3o do acervo da biblioteca dom mariano manzana"},"content":{"rendered":"\n<p>O Padre Charles Lamartine Souza Freitas postou em seu face \u201c Inaugura\u00e7\u00e3o do Acervo da Biblioteca Dom Mariano Manzana. Uma das mais belas p\u00e1ginas da hist\u00f3ria da nossa jovem Faculdade Cat\u00f3lica do RN, que no dia 01 de mar\u00e7o far\u00e1 11 anos.\u201d<\/p>\n\n\n\n<p>Sim, Padre Charles bela hist\u00f3ria desta Faculdade que todo o RN conhece e aplaude .Acervo rico \u00a0\u00a0e que \u00a0possui mais de 19 mil itens, dentre livros e materiais multim\u00eddia. <\/p>\n\n\n\n<p>\u00a0O evento aconteceu ter\u00e7a feira 23.<\/p>\n\n\n\n<p>Foto: As presen\u00e7as iluminadas dos padres Junior Paiva, Demetrio Junior , Crisanto Borges , Charles Lamartine , o Bispo Dom Mariano Manzana e o padre Flavio Forte Melo . S\u00f3 autoridades religiosas para quem tiramos o chap\u00e9u .<\/p>\n","protected":false},"excerpt":{"rendered":"<p>O Padre Charles Lamartine Souza Freitas postou em seu face \u201c Inaugura\u00e7\u00e3o do Acervo da Biblioteca Dom Mariano Manzana. Uma das mais belas p\u00e1ginas da hist\u00f3ria da nossa jovem Faculdade Cat\u00f3lica do RN, que no dia 01 de mar\u00e7o far\u00e1 11 anos.\u201d Sim, Padre Charles bela hist\u00f3ria desta Faculdade que todo o RN conhece e <a href=\"https:\/\/wandilsonramalho.com.br\/blog\/?p=10030\">&#8230;<\/a><\/p>\n","protected":false},"author":2,"featured_media":10031,"comment_status":"open","ping_status":"open","sticky":false,"template":"","format":"standard","meta":{"_jetpack_memberships_contains_paid_content":false,"footnotes":""},"categories":[38],"tags":[],"class_list":["post-10030","post","type-post","status-publish","format-standard","has-post-thumbnail","hentry","category-especiais"],"jetpack_featured_media_url":"https:\/\/i0.wp.com\/wandilsonramalho.com.br\/blog\/wp-content\/uploads\/2021\/02\/f02-bispo.jpg?fit=800%2C548&ssl=1","jetpack_sharing_enabled":true,"_links":{"self":[{"href":"https:\/\/wandilsonramalho.com.br\/blog\/index.php?rest_route=\/wp\/v2\/posts\/10030","targetHints":{"allow":["GET"]}}],"collection":[{"href":"https:\/\/wandilsonramalho.com.br\/blog\/index.php?rest_route=\/wp\/v2\/posts"}],"about":[{"href":"https:\/\/wandilsonramalho.com.br\/blog\/index.php?rest_route=\/wp\/v2\/types\/post"}],"author":[{"embeddable":true,"href":"https:\/\/wandilsonramalho.com.br\/blog\/index.php?rest_route=\/wp\/v2\/users\/2"}],"replies":[{"embeddable":true,"href":"https:\/\/wandilsonramalho.com.br\/blog\/index.php?rest_route=%2Fwp%2Fv2%2Fcomments&post=10030"}],"version-history":[{"count":2,"href":"https:\/\/wandilsonramalho.com.br\/blog\/index.php?rest_route=\/wp\/v2\/posts\/10030\/revisions"}],"predecessor-version":[{"id":10033,"href":"https:\/\/wandilsonramalho.com.br\/blog\/index.php?rest_route=\/wp\/v2\/posts\/10030\/revisions\/10033"}],"wp:featuredmedia":[{"embeddable":true,"href":"https:\/\/wandilsonramalho.com.br\/blog\/index.php?rest_route=\/wp\/v2\/media\/10031"}],"wp:attachment":[{"href":"https:\/\/wandilsonramalho.com.br\/blog\/index.php?rest_route=%2Fwp%2Fv2%2Fmedia&parent=10030"}],"wp:term":[{"taxonomy":"category","embeddable":true,"href":"https:\/\/wandilsonramalho.com.br\/blog\/index.php?rest_route=%2Fwp%2Fv2%2Fcategories&post=10030"},{"taxonomy":"post_tag","embeddable":true,"href":"https:\/\/wandilsonramalho.com.br\/blog\/index.php?rest_route=%2Fwp%2Fv2%2Ftags&post=10030"}],"curies":[{"name":"wp","href":"https:\/\/api.w.org\/{rel}","templated":true}]}}